{"id":3698,"date":"2025-02-07T13:06:54","date_gmt":"2025-02-07T13:06:54","guid":{"rendered":"https:\/\/cator-sa.com\/?p=3698"},"modified":"2025-02-07T13:12:33","modified_gmt":"2025-02-07T13:12:33","slug":"que-son-les-taladrinas-i-per-que-cal-gestionar-les-despres-dutilitzar-les","status":"publish","type":"post","link":"https:\/\/cator-sa.com\/ca\/que-son-les-taladrinas-i-per-que-cal-gestionar-les-despres-dutilitzar-les\/","title":{"rendered":"Qu\u00e8 s\u00f3n els fluids de tall i per qu\u00e8 cal gestionar-los despr\u00e9s d&#8217;utilitzar-los"},"content":{"rendered":"\t\t<div data-elementor-type=\"wp-post\" data-elementor-id=\"3698\" class=\"elementor elementor-3698 elementor-3684\" data-elementor-post-type=\"post\">\n\t\t\t\t<div class=\"elementor-element elementor-element-3dafb0f9 e-flex e-con-boxed e-con e-parent\" data-id=\"3dafb0f9\" data-element_type=\"container\">\n\t\t\t\t\t<div class=\"e-con-inner\">\n\t\t\t\t<div class=\"elementor-element elementor-element-665a5f17 elementor-widget elementor-widget-text-editor\" data-id=\"665a5f17\" data-element_type=\"widget\" data-widget_type=\"text-editor.default\">\n\t\t\t\t<div class=\"elementor-widget-container\">\n\t\t\t\t\t\t\t\t\t<p>Els fluids de tall s\u00f3n un component essencial en les operacions de mecanitzat, per\u00f2, despr\u00e9s de complir el seu cicle de vida \u00fatil, requereixen una gesti\u00f3 adequada per evitar riscos ambientals i optimitzar els processos industrials.<\/p><h2 class=\"wp-block-heading\">Qu\u00e8 s\u00f3n els fluids de tall<\/h2><p>S\u00f3n fluids emprats en les operacions de mecanitzaci\u00f3, com la mecanitzaci\u00f3 per arrencada de ferritja o l&#8217;\u00fas d&#8217;una serra de cinta. Aquestes barreges, tamb\u00e9 anomenades emulsions, estan compostes principalment per aigua, oli mineral i additius. Entre aquests additius s&#8217;inclouen antioxidants i agents anticorrosi\u00f3, essencials per protegir les peces i els materials a mecanitzar.<\/p><p>Depenent de la seva formulaci\u00f3, les barreges obtingudes poden variar en el contingut en oli, aigua i altres compostos additius. Tenen una funci\u00f3 clau en la refrigeraci\u00f3 i lubricaci\u00f3 de les eines i peces durant els processos de tall, ajudant a prevenir el desgast prematur i garantint una mecanitzaci\u00f3 eficient.<\/p><h2>\u00a0<\/h2><h2 class=\"wp-block-heading\">Per qu\u00e8 serveixen els fluids de tall<\/h2><p>L&#8217;objectiu principal \u00e9s facilitar les operacions de mecanitzat en complir funcions com:<\/p><ol class=\"wp-block-list\"><li><strong>Refrigeraci\u00f3 i lubricaci\u00f3:<\/strong> Redueixen la fricci\u00f3 i dissipen la calor generada pel contacte entre les eines i els materials a mecanitzar.<\/li><li><strong>Protecci\u00f3 anticorrosiva:<\/strong> Els additius antioxidants a les trepants prevenen la corrosi\u00f3 en m\u00e0quines eines i peces treballades.<\/li><li><strong>Neteja:<\/strong> Ajuden a eliminar els encenalls i residus generats durant la mecanitzaci\u00f3, mantenint el circuit de refrigeraci\u00f3 net i funcional.<\/li><li><strong>Millora de l&#8217;acabat:<\/strong> Contribueixen a obtenir peces amb superf\u00edcies m\u00e9s uniformes i precises.<\/li><\/ol><p>\u00a0<\/p><p><img fetchpriority=\"high\" decoding=\"async\" class=\"alignnone wp-image-3735 size-large\" src=\"https:\/\/cator-sa.com\/wp-content\/uploads\/2025\/02\/Per-a-que-serveixen-els-fluids-de-tall-1024x684.jpg\" alt=\"Per a qu\u00e8 serveixen els fluids de tall\" width=\"800\" height=\"534\" srcset=\"https:\/\/cator-sa.com\/wp-content\/uploads\/2025\/02\/Per-a-que-serveixen-els-fluids-de-tall-1024x684.jpg 1024w, https:\/\/cator-sa.com\/wp-content\/uploads\/2025\/02\/Per-a-que-serveixen-els-fluids-de-tall-300x200.jpg 300w, https:\/\/cator-sa.com\/wp-content\/uploads\/2025\/02\/Per-a-que-serveixen-els-fluids-de-tall-768x513.jpg 768w, https:\/\/cator-sa.com\/wp-content\/uploads\/2025\/02\/Per-a-que-serveixen-els-fluids-de-tall-1536x1026.jpg 1536w, https:\/\/cator-sa.com\/wp-content\/uploads\/2025\/02\/Per-a-que-serveixen-els-fluids-de-tall-2048x1367.jpg 2048w\" sizes=\"(max-width: 800px) 100vw, 800px\" \/><\/p><h2>\u00a0<\/h2><h2 class=\"wp-block-heading\">Tipus de fluids de tall<\/h2><p>Hi ha diferents fluids de tall segons la seva composici\u00f3 i aplicaci\u00f3:<\/p><ol class=\"wp-block-list\"><li><strong>Solubles:<\/strong> Aquestes barreges obtingudes s\u00f3n solucions compostes principalment d&#8217;aigua i olis minerals, formant una emulsi\u00f3 en barrejar-se. S\u00f3n les m\u00e9s comunes en operacions generals de mecanitzat.<\/li><li><strong>Semisint\u00e8tiques:<\/strong> Contenen una proporci\u00f3 menor d&#8217;oli de tall, combinant aigua i additius per oferir un equilibri entre refrigeraci\u00f3 i lubricaci\u00f3.<\/li><li><strong>Sint\u00e8tiques:<\/strong> Estan lliures d&#8217;olis minerals i es basen exclusivament en aigua i additius. Ofereixen una excel\u00b7lent refrigeraci\u00f3 i s\u00f3n ideals per a mecanitzats d&#8217;alta precisi\u00f3.<\/li><\/ol><p>\u00a0<\/p><p>L&#8217;elecci\u00f3 del fluid de tall adequat dep\u00e8n del tipus de material a mecanitzar, les operacions espec\u00edfiques de mecanitzaci\u00f3 i els requisits del circuit de refrigeraci\u00f3.<\/p><h2>\u00a0<\/h2><h2 class=\"wp-block-heading\">Per qu\u00e8 cal gestionar el fluid de tall despr\u00e9s del seu \u00fas<\/h2><p>Despr\u00e9s de complir el seu cicle de vida \u00fatil, poden contenir compostos perillosos com olis, metalls pesants i microorganismes que les converteixen en residus perillosos. La seva gesti\u00f3 correcta \u00e9s imprescindible per prevenir la contaminaci\u00f3 del medi ambient i complir amb la normativa vigent.<\/p><h3 class=\"wp-block-heading\">Impacte ambiental i normatiu<\/h3><p>L&#8217;incorrecte maneig d&#8217;aquest producte pot generar residus perillosos que afectin el medi ambient. El contingut en oli i compostos qu\u00edmics exigeix \u200b\u200bun tractament espec\u00edfic per evitar la contaminaci\u00f3 de l&#8217;aigua i del s\u00f2l.<\/p><h3 class=\"wp-block-heading\">Regulacions aplicables<\/h3><p>A Espanya, la gesti\u00f3 dels fluids de tall usats est\u00e0 regulat pel <a href=\"https:\/\/www.boe.es\/buscar\/act.php?id=BOE-A-2006-9832\" target=\"_blank\" rel=\"noopener\">Reial decret 679\/2006, de 2 de juny<\/a> , que estableix les mesures per a la gesti\u00f3 d&#8217;olis industrials usats. Segons aquesta normativa, aquestes, en contenir olis minerals, es consideren olis usats &#8220;fora d&#8217;especificacions&#8221; a causa del seu contingut en aigua i sediments, cosa que implica un tractament espec\u00edfic i cost\u00f3s per a la seva correcta gesti\u00f3.<\/p><h3 class=\"wp-block-heading\">Optimitzaci\u00f3 dels processos industrials<\/h3><p>L&#8217;acumulaci\u00f3 de fluids de tall a les m\u00e0quines eines pot provocar errors al circuit de refrigeraci\u00f3, corrosi\u00f3 a les peces i desgast accelerat de les eines. Gestionar correctament ajuda a mantenir l&#8217;efici\u00e8ncia de les operacions de mecanitzat.<\/p><p>Passos clau en la seva gesti\u00f3:<\/p><ol class=\"wp-block-list\"><li><strong>Recollida separada:<\/strong> Cal emmagatzemar-ho en contenidors espec\u00edfics.<\/li><li><strong>Tractament adequat:<\/strong> Empreses especialitzades en residus industrials poden processar-les per separar olis, aigua i additius.<\/li><li><strong>Reciclatge:<\/strong> Alguns poden regenerar-se, estenent-ne la utilitat i reduint l&#8217;impacte ambiental.<\/li><\/ol><p>\u00a0<\/p><p>Els fluids de tall s\u00f3n essencials per garantir l&#8217;efici\u00e8ncia i la qualitat en les operacions de mecanitzaci\u00f3, gr\u00e0cies a les seves funcions de refrigeraci\u00f3, lubricaci\u00f3 i protecci\u00f3. Tanmateix, la gesti\u00f3 correcta despr\u00e9s de l&#8217;\u00fas \u00e9s igual d&#8217;important per minimitzar l&#8217;impacte ambiental i perllongar la vida \u00fatil de les m\u00e0quines eines.<\/p><p>Si necessites tractar els teus fluids de tall, a Cator realitzem el <a href=\"https:\/\/cator-sa.com\/ca\/serveis\/\" target=\"_blank\" rel=\"noreferrer noopener\">Servei de recollida i gesti\u00f3 d&#8217;aquests<\/a>. No dubtis a contactar amb nosaltres a trav\u00e9s de la nostra <a href=\"https:\/\/cator-sa.com\/ca\/contacte\/\" target=\"_blank\" rel=\"noreferrer noopener\">web.<\/a><\/p>\t\t\t\t\t\t\t\t<\/div>\n\t\t\t\t<\/div>\n\t\t\t\t\t<\/div>\n\t\t\t\t<\/div>\n\t\t\t\t<\/div>\n\t\t","protected":false},"excerpt":{"rendered":"<p>Els fluids de tall s\u00f3n un component essencial en les operacions de mecanitzat, per\u00f2, despr\u00e9s de complir el seu cicle de vida \u00fatil, requereixen una gesti\u00f3 adequada per evitar riscos ambientals i optimitzar els processos industrials. Qu\u00e8 s\u00f3n els fluids de tall S\u00f3n fluids emprats en les operacions de mecanitzaci\u00f3, com la mecanitzaci\u00f3 per arrencada [&hellip;]<\/p>\n","protected":false},"author":3,"featured_media":3732,"comment_status":"open","ping_status":"open","sticky":false,"template":"","format":"standard","meta":{"content-type":"","footnotes":""},"categories":[28],"tags":[],"class_list":["post-3698","post","type-post","status-publish","format-standard","has-post-thumbnail","hentry","category-mediambiental"],"yoast_head":"<!-- This site is optimized with the Yoast SEO plugin v24.4 - https:\/\/yoast.com\/wordpress\/plugins\/seo\/ -->\n<title>Qu\u00e8 s\u00f3n els fluids de tall i per qu\u00e8 cal gestionar-los despr\u00e9s d&#039;utilitzar-los - Cator<\/title>\n<meta name=\"description\" content=\"Els fluids de tall s\u00f3n essencials per a garantir l&#039;efici\u00e8ncia i qualitat en les operacions de mecanitzat, gr\u00e0cies a les seves funcions. En Cator realitzem el Servei de recollida i gesti\u00f3 d&#039;aquestes. Contacta amb nosaltres!.\" \/>\n<meta name=\"robots\" content=\"index, follow, max-snippet:-1, max-image-preview:large, max-video-preview:-1\" \/>\n<link rel=\"canonical\" href=\"https:\/\/cator-sa.com\/ca\/que-son-les-taladrinas-i-per-que-cal-gestionar-les-despres-dutilitzar-les\/\" \/>\n<meta property=\"og:locale\" content=\"ca_ES\" \/>\n<meta property=\"og:type\" content=\"article\" \/>\n<meta property=\"og:title\" content=\"Qu\u00e8 s\u00f3n els fluids de tall i per qu\u00e8 cal gestionar-los despr\u00e9s d&#039;utilitzar-los - Cator\" \/>\n<meta property=\"og:description\" content=\"Els fluids de tall s\u00f3n essencials per a garantir l&#039;efici\u00e8ncia i qualitat en les operacions de mecanitzat, gr\u00e0cies a les seves funcions. En Cator realitzem el Servei de recollida i gesti\u00f3 d&#039;aquestes. Contacta amb nosaltres!.\" \/>\n<meta property=\"og:url\" content=\"https:\/\/cator-sa.com\/ca\/que-son-les-taladrinas-i-per-que-cal-gestionar-les-despres-dutilitzar-les\/\" \/>\n<meta property=\"og:site_name\" content=\"Cator\" \/>\n<meta property=\"article:published_time\" content=\"2025-02-07T13:06:54+00:00\" \/>\n<meta property=\"article:modified_time\" content=\"2025-02-07T13:12:33+00:00\" \/>\n<meta property=\"og:image\" content=\"https:\/\/cator-sa.com\/wp-content\/uploads\/2025\/02\/Gestio-fluids-de-tall-cator.jpg\" \/>\n\t<meta property=\"og:image:width\" content=\"1800\" \/>\n\t<meta property=\"og:image:height\" content=\"1200\" \/>\n\t<meta property=\"og:image:type\" content=\"image\/jpeg\" \/>\n<meta name=\"author\" content=\"Carla\" \/>\n<meta name=\"twitter:card\" content=\"summary_large_image\" \/>\n<meta name=\"twitter:label1\" content=\"Escrit per\" \/>\n\t<meta name=\"twitter:data1\" content=\"Carla\" \/>\n\t<meta name=\"twitter:label2\" content=\"Temps estimat de lectura\" \/>\n\t<meta name=\"twitter:data2\" content=\"4 minuts\" \/>\n<script type=\"application\/ld+json\" class=\"yoast-schema-graph\">{\"@context\":\"https:\/\/schema.org\",\"@graph\":[{\"@type\":\"Article\",\"@id\":\"https:\/\/cator-sa.com\/ca\/que-son-les-taladrinas-i-per-que-cal-gestionar-les-despres-dutilitzar-les\/#article\",\"isPartOf\":{\"@id\":\"https:\/\/cator-sa.com\/ca\/que-son-les-taladrinas-i-per-que-cal-gestionar-les-despres-dutilitzar-les\/\"},\"author\":{\"name\":\"Carla\",\"@id\":\"https:\/\/cator-sa.com\/ca\/#\/schema\/person\/6efb0a44f6a12b5f008830163d681065\"},\"headline\":\"Qu\u00e8 s\u00f3n els fluids de tall i per qu\u00e8 cal gestionar-los despr\u00e9s d&#8217;utilitzar-los\",\"datePublished\":\"2025-02-07T13:06:54+00:00\",\"dateModified\":\"2025-02-07T13:12:33+00:00\",\"mainEntityOfPage\":{\"@id\":\"https:\/\/cator-sa.com\/ca\/que-son-les-taladrinas-i-per-que-cal-gestionar-les-despres-dutilitzar-les\/\"},\"wordCount\":739,\"commentCount\":0,\"publisher\":{\"@id\":\"https:\/\/cator-sa.com\/ca\/#organization\"},\"image\":{\"@id\":\"https:\/\/cator-sa.com\/ca\/que-son-les-taladrinas-i-per-que-cal-gestionar-les-despres-dutilitzar-les\/#primaryimage\"},\"thumbnailUrl\":\"https:\/\/cator-sa.com\/wp-content\/uploads\/2025\/02\/Gestio-fluids-de-tall-cator.jpg\",\"articleSection\":[\"Mediambiental\"],\"inLanguage\":\"ca\",\"potentialAction\":[{\"@type\":\"CommentAction\",\"name\":\"Comment\",\"target\":[\"https:\/\/cator-sa.com\/ca\/que-son-les-taladrinas-i-per-que-cal-gestionar-les-despres-dutilitzar-les\/#respond\"]}]},{\"@type\":\"WebPage\",\"@id\":\"https:\/\/cator-sa.com\/ca\/que-son-les-taladrinas-i-per-que-cal-gestionar-les-despres-dutilitzar-les\/\",\"url\":\"https:\/\/cator-sa.com\/ca\/que-son-les-taladrinas-i-per-que-cal-gestionar-les-despres-dutilitzar-les\/\",\"name\":\"Qu\u00e8 s\u00f3n els fluids de tall i per qu\u00e8 cal gestionar-los despr\u00e9s d'utilitzar-los - Cator\",\"isPartOf\":{\"@id\":\"https:\/\/cator-sa.com\/ca\/#website\"},\"primaryImageOfPage\":{\"@id\":\"https:\/\/cator-sa.com\/ca\/que-son-les-taladrinas-i-per-que-cal-gestionar-les-despres-dutilitzar-les\/#primaryimage\"},\"image\":{\"@id\":\"https:\/\/cator-sa.com\/ca\/que-son-les-taladrinas-i-per-que-cal-gestionar-les-despres-dutilitzar-les\/#primaryimage\"},\"thumbnailUrl\":\"https:\/\/cator-sa.com\/wp-content\/uploads\/2025\/02\/Gestio-fluids-de-tall-cator.jpg\",\"datePublished\":\"2025-02-07T13:06:54+00:00\",\"dateModified\":\"2025-02-07T13:12:33+00:00\",\"description\":\"Els fluids de tall s\u00f3n essencials per a garantir l'efici\u00e8ncia i qualitat en les operacions de mecanitzat, gr\u00e0cies a les seves funcions. En Cator realitzem el Servei de recollida i gesti\u00f3 d'aquestes. Contacta amb nosaltres!.\",\"breadcrumb\":{\"@id\":\"https:\/\/cator-sa.com\/ca\/que-son-les-taladrinas-i-per-que-cal-gestionar-les-despres-dutilitzar-les\/#breadcrumb\"},\"inLanguage\":\"ca\",\"potentialAction\":[{\"@type\":\"ReadAction\",\"target\":[\"https:\/\/cator-sa.com\/ca\/que-son-les-taladrinas-i-per-que-cal-gestionar-les-despres-dutilitzar-les\/\"]}]},{\"@type\":\"ImageObject\",\"inLanguage\":\"ca\",\"@id\":\"https:\/\/cator-sa.com\/ca\/que-son-les-taladrinas-i-per-que-cal-gestionar-les-despres-dutilitzar-les\/#primaryimage\",\"url\":\"https:\/\/cator-sa.com\/wp-content\/uploads\/2025\/02\/Gestio-fluids-de-tall-cator.jpg\",\"contentUrl\":\"https:\/\/cator-sa.com\/wp-content\/uploads\/2025\/02\/Gestio-fluids-de-tall-cator.jpg\",\"width\":1800,\"height\":1200,\"caption\":\"Gesti\u00f3 fluids de tall\"},{\"@type\":\"BreadcrumbList\",\"@id\":\"https:\/\/cator-sa.com\/ca\/que-son-les-taladrinas-i-per-que-cal-gestionar-les-despres-dutilitzar-les\/#breadcrumb\",\"itemListElement\":[{\"@type\":\"ListItem\",\"position\":1,\"name\":\"Portada\",\"item\":\"https:\/\/cator-sa.com\/ca\/home\/\"},{\"@type\":\"ListItem\",\"position\":2,\"name\":\"Qu\u00e8 s\u00f3n els fluids de tall i per qu\u00e8 cal gestionar-los despr\u00e9s d&#8217;utilitzar-los\"}]},{\"@type\":\"WebSite\",\"@id\":\"https:\/\/cator-sa.com\/ca\/#website\",\"url\":\"https:\/\/cator-sa.com\/ca\/\",\"name\":\"Cator\",\"description\":\"Cator\",\"publisher\":{\"@id\":\"https:\/\/cator-sa.com\/ca\/#organization\"},\"potentialAction\":[{\"@type\":\"SearchAction\",\"target\":{\"@type\":\"EntryPoint\",\"urlTemplate\":\"https:\/\/cator-sa.com\/ca\/?s={search_term_string}\"},\"query-input\":{\"@type\":\"PropertyValueSpecification\",\"valueRequired\":true,\"valueName\":\"search_term_string\"}}],\"inLanguage\":\"ca\"},{\"@type\":\"Organization\",\"@id\":\"https:\/\/cator-sa.com\/ca\/#organization\",\"name\":\"Cator\",\"url\":\"https:\/\/cator-sa.com\/ca\/\",\"logo\":{\"@type\":\"ImageObject\",\"inLanguage\":\"ca\",\"@id\":\"https:\/\/cator-sa.com\/ca\/#\/schema\/logo\/image\/\",\"url\":\"https:\/\/cator-sa.com\/wp-content\/uploads\/2024\/06\/logo-cator.png\",\"contentUrl\":\"https:\/\/cator-sa.com\/wp-content\/uploads\/2024\/06\/logo-cator.png\",\"width\":1477,\"height\":434,\"caption\":\"Cator\"},\"image\":{\"@id\":\"https:\/\/cator-sa.com\/ca\/#\/schema\/logo\/image\/\"}},{\"@type\":\"Person\",\"@id\":\"https:\/\/cator-sa.com\/ca\/#\/schema\/person\/6efb0a44f6a12b5f008830163d681065\",\"name\":\"Carla\",\"image\":{\"@type\":\"ImageObject\",\"inLanguage\":\"ca\",\"@id\":\"https:\/\/cator-sa.com\/ca\/#\/schema\/person\/image\/\",\"url\":\"https:\/\/secure.gravatar.com\/avatar\/d018424c1187cfed9c7d43c739203835?s=96&d=mm&r=g\",\"contentUrl\":\"https:\/\/secure.gravatar.com\/avatar\/d018424c1187cfed9c7d43c739203835?s=96&d=mm&r=g\",\"caption\":\"Carla\"},\"url\":\"https:\/\/cator-sa.com\/ca\/author\/carla\/\"}]}<\/script>\n<!-- \/ Yoast SEO plugin. -->","yoast_head_json":{"title":"Qu\u00e8 s\u00f3n els fluids de tall i per qu\u00e8 cal gestionar-los despr\u00e9s d'utilitzar-los - Cator","description":"Els fluids de tall s\u00f3n essencials per a garantir l'efici\u00e8ncia i qualitat en les operacions de mecanitzat, gr\u00e0cies a les seves funcions. En Cator realitzem el Servei de recollida i gesti\u00f3 d'aquestes. Contacta amb nosaltres!.","robots":{"index":"index","follow":"follow","max-snippet":"max-snippet:-1","max-image-preview":"max-image-preview:large","max-video-preview":"max-video-preview:-1"},"canonical":"https:\/\/cator-sa.com\/ca\/que-son-les-taladrinas-i-per-que-cal-gestionar-les-despres-dutilitzar-les\/","og_locale":"ca_ES","og_type":"article","og_title":"Qu\u00e8 s\u00f3n els fluids de tall i per qu\u00e8 cal gestionar-los despr\u00e9s d'utilitzar-los - Cator","og_description":"Els fluids de tall s\u00f3n essencials per a garantir l'efici\u00e8ncia i qualitat en les operacions de mecanitzat, gr\u00e0cies a les seves funcions. En Cator realitzem el Servei de recollida i gesti\u00f3 d'aquestes. Contacta amb nosaltres!.","og_url":"https:\/\/cator-sa.com\/ca\/que-son-les-taladrinas-i-per-que-cal-gestionar-les-despres-dutilitzar-les\/","og_site_name":"Cator","article_published_time":"2025-02-07T13:06:54+00:00","article_modified_time":"2025-02-07T13:12:33+00:00","og_image":[{"width":1800,"height":1200,"url":"https:\/\/cator-sa.com\/wp-content\/uploads\/2025\/02\/Gestio-fluids-de-tall-cator.jpg","type":"image\/jpeg"}],"author":"Carla","twitter_card":"summary_large_image","twitter_misc":{"Escrit per":"Carla","Temps estimat de lectura":"4 minuts"},"schema":{"@context":"https:\/\/schema.org","@graph":[{"@type":"Article","@id":"https:\/\/cator-sa.com\/ca\/que-son-les-taladrinas-i-per-que-cal-gestionar-les-despres-dutilitzar-les\/#article","isPartOf":{"@id":"https:\/\/cator-sa.com\/ca\/que-son-les-taladrinas-i-per-que-cal-gestionar-les-despres-dutilitzar-les\/"},"author":{"name":"Carla","@id":"https:\/\/cator-sa.com\/ca\/#\/schema\/person\/6efb0a44f6a12b5f008830163d681065"},"headline":"Qu\u00e8 s\u00f3n els fluids de tall i per qu\u00e8 cal gestionar-los despr\u00e9s d&#8217;utilitzar-los","datePublished":"2025-02-07T13:06:54+00:00","dateModified":"2025-02-07T13:12:33+00:00","mainEntityOfPage":{"@id":"https:\/\/cator-sa.com\/ca\/que-son-les-taladrinas-i-per-que-cal-gestionar-les-despres-dutilitzar-les\/"},"wordCount":739,"commentCount":0,"publisher":{"@id":"https:\/\/cator-sa.com\/ca\/#organization"},"image":{"@id":"https:\/\/cator-sa.com\/ca\/que-son-les-taladrinas-i-per-que-cal-gestionar-les-despres-dutilitzar-les\/#primaryimage"},"thumbnailUrl":"https:\/\/cator-sa.com\/wp-content\/uploads\/2025\/02\/Gestio-fluids-de-tall-cator.jpg","articleSection":["Mediambiental"],"inLanguage":"ca","potentialAction":[{"@type":"CommentAction","name":"Comment","target":["https:\/\/cator-sa.com\/ca\/que-son-les-taladrinas-i-per-que-cal-gestionar-les-despres-dutilitzar-les\/#respond"]}]},{"@type":"WebPage","@id":"https:\/\/cator-sa.com\/ca\/que-son-les-taladrinas-i-per-que-cal-gestionar-les-despres-dutilitzar-les\/","url":"https:\/\/cator-sa.com\/ca\/que-son-les-taladrinas-i-per-que-cal-gestionar-les-despres-dutilitzar-les\/","name":"Qu\u00e8 s\u00f3n els fluids de tall i per qu\u00e8 cal gestionar-los despr\u00e9s d'utilitzar-los - Cator","isPartOf":{"@id":"https:\/\/cator-sa.com\/ca\/#website"},"primaryImageOfPage":{"@id":"https:\/\/cator-sa.com\/ca\/que-son-les-taladrinas-i-per-que-cal-gestionar-les-despres-dutilitzar-les\/#primaryimage"},"image":{"@id":"https:\/\/cator-sa.com\/ca\/que-son-les-taladrinas-i-per-que-cal-gestionar-les-despres-dutilitzar-les\/#primaryimage"},"thumbnailUrl":"https:\/\/cator-sa.com\/wp-content\/uploads\/2025\/02\/Gestio-fluids-de-tall-cator.jpg","datePublished":"2025-02-07T13:06:54+00:00","dateModified":"2025-02-07T13:12:33+00:00","description":"Els fluids de tall s\u00f3n essencials per a garantir l'efici\u00e8ncia i qualitat en les operacions de mecanitzat, gr\u00e0cies a les seves funcions. En Cator realitzem el Servei de recollida i gesti\u00f3 d'aquestes. Contacta amb nosaltres!.","breadcrumb":{"@id":"https:\/\/cator-sa.com\/ca\/que-son-les-taladrinas-i-per-que-cal-gestionar-les-despres-dutilitzar-les\/#breadcrumb"},"inLanguage":"ca","potentialAction":[{"@type":"ReadAction","target":["https:\/\/cator-sa.com\/ca\/que-son-les-taladrinas-i-per-que-cal-gestionar-les-despres-dutilitzar-les\/"]}]},{"@type":"ImageObject","inLanguage":"ca","@id":"https:\/\/cator-sa.com\/ca\/que-son-les-taladrinas-i-per-que-cal-gestionar-les-despres-dutilitzar-les\/#primaryimage","url":"https:\/\/cator-sa.com\/wp-content\/uploads\/2025\/02\/Gestio-fluids-de-tall-cator.jpg","contentUrl":"https:\/\/cator-sa.com\/wp-content\/uploads\/2025\/02\/Gestio-fluids-de-tall-cator.jpg","width":1800,"height":1200,"caption":"Gesti\u00f3 fluids de tall"},{"@type":"BreadcrumbList","@id":"https:\/\/cator-sa.com\/ca\/que-son-les-taladrinas-i-per-que-cal-gestionar-les-despres-dutilitzar-les\/#breadcrumb","itemListElement":[{"@type":"ListItem","position":1,"name":"Portada","item":"https:\/\/cator-sa.com\/ca\/home\/"},{"@type":"ListItem","position":2,"name":"Qu\u00e8 s\u00f3n els fluids de tall i per qu\u00e8 cal gestionar-los despr\u00e9s d&#8217;utilitzar-los"}]},{"@type":"WebSite","@id":"https:\/\/cator-sa.com\/ca\/#website","url":"https:\/\/cator-sa.com\/ca\/","name":"Cator","description":"Cator","publisher":{"@id":"https:\/\/cator-sa.com\/ca\/#organization"},"potentialAction":[{"@type":"SearchAction","target":{"@type":"EntryPoint","urlTemplate":"https:\/\/cator-sa.com\/ca\/?s={search_term_string}"},"query-input":{"@type":"PropertyValueSpecification","valueRequired":true,"valueName":"search_term_string"}}],"inLanguage":"ca"},{"@type":"Organization","@id":"https:\/\/cator-sa.com\/ca\/#organization","name":"Cator","url":"https:\/\/cator-sa.com\/ca\/","logo":{"@type":"ImageObject","inLanguage":"ca","@id":"https:\/\/cator-sa.com\/ca\/#\/schema\/logo\/image\/","url":"https:\/\/cator-sa.com\/wp-content\/uploads\/2024\/06\/logo-cator.png","contentUrl":"https:\/\/cator-sa.com\/wp-content\/uploads\/2024\/06\/logo-cator.png","width":1477,"height":434,"caption":"Cator"},"image":{"@id":"https:\/\/cator-sa.com\/ca\/#\/schema\/logo\/image\/"}},{"@type":"Person","@id":"https:\/\/cator-sa.com\/ca\/#\/schema\/person\/6efb0a44f6a12b5f008830163d681065","name":"Carla","image":{"@type":"ImageObject","inLanguage":"ca","@id":"https:\/\/cator-sa.com\/ca\/#\/schema\/person\/image\/","url":"https:\/\/secure.gravatar.com\/avatar\/d018424c1187cfed9c7d43c739203835?s=96&d=mm&r=g","contentUrl":"https:\/\/secure.gravatar.com\/avatar\/d018424c1187cfed9c7d43c739203835?s=96&d=mm&r=g","caption":"Carla"},"url":"https:\/\/cator-sa.com\/ca\/author\/carla\/"}]}},"_links":{"self":[{"href":"https:\/\/cator-sa.com\/ca\/wp-json\/wp\/v2\/posts\/3698","targetHints":{"allow":["GET"]}}],"collection":[{"href":"https:\/\/cator-sa.com\/ca\/wp-json\/wp\/v2\/posts"}],"about":[{"href":"https:\/\/cator-sa.com\/ca\/wp-json\/wp\/v2\/types\/post"}],"author":[{"embeddable":true,"href":"https:\/\/cator-sa.com\/ca\/wp-json\/wp\/v2\/users\/3"}],"replies":[{"embeddable":true,"href":"https:\/\/cator-sa.com\/ca\/wp-json\/wp\/v2\/comments?post=3698"}],"version-history":[{"count":21,"href":"https:\/\/cator-sa.com\/ca\/wp-json\/wp\/v2\/posts\/3698\/revisions"}],"predecessor-version":[{"id":3761,"href":"https:\/\/cator-sa.com\/ca\/wp-json\/wp\/v2\/posts\/3698\/revisions\/3761"}],"wp:featuredmedia":[{"embeddable":true,"href":"https:\/\/cator-sa.com\/ca\/wp-json\/wp\/v2\/media\/3732"}],"wp:attachment":[{"href":"https:\/\/cator-sa.com\/ca\/wp-json\/wp\/v2\/media?parent=3698"}],"wp:term":[{"taxonomy":"category","embeddable":true,"href":"https:\/\/cator-sa.com\/ca\/wp-json\/wp\/v2\/categories?post=3698"},{"taxonomy":"post_tag","embeddable":true,"href":"https:\/\/cator-sa.com\/ca\/wp-json\/wp\/v2\/tags?post=3698"}],"curies":[{"name":"wp","href":"https:\/\/api.w.org\/{rel}","templated":true}]}}