{"id":5852,"date":"2026-01-26T08:48:32","date_gmt":"2026-01-26T08:48:32","guid":{"rendered":"https:\/\/cator-sa.com\/?p=5852"},"modified":"2026-01-26T11:17:10","modified_gmt":"2026-01-26T11:17:10","slug":"reciclabilitat-de-loli-industrial-usat-el-paper-dels-additius","status":"publish","type":"post","link":"https:\/\/cator-sa.com\/ca\/reciclabilitat-de-loli-industrial-usat-el-paper-dels-additius\/","title":{"rendered":"Reciclabilitat de l&#8217;oli industrial usat: el paper dels additius"},"content":{"rendered":"\t\t<div data-elementor-type=\"wp-post\" data-elementor-id=\"5852\" class=\"elementor elementor-5852 elementor-5829\" data-elementor-post-type=\"post\">\n\t\t\t\t<div class=\"elementor-element elementor-element-273e1f1 e-flex e-con-boxed e-con e-parent\" data-id=\"273e1f1\" data-element_type=\"container\">\n\t\t\t\t\t<div class=\"e-con-inner\">\n\t\t\t\t<div class=\"elementor-element elementor-element-611af5d4 elementor-widget elementor-widget-text-editor\" data-id=\"611af5d4\" data-element_type=\"widget\" data-widget_type=\"text-editor.default\">\n\t\t\t\t<div class=\"elementor-widget-container\">\n\t\t\t\t\t\t\t\t\t<p>La composici\u00f3 qu\u00edmica de l&#8217;oli industrial usat, especialment el paquet d&#8217;additius, en pot facilitar o dificultar el tractament. Comprendre aquest efecte \u00e9s clau per recuperar primeres mat\u00e8ries secund\u00e0ries i avan\u00e7ar cap a l&#8217;economia circular.<\/p><p>L&#8217;oli industrial usat no \u00e9s nom\u00e9s una base oliosa degradada: \u00e9s una barreja complexa on conviuen additius funcionals, contaminants arrossegats per l&#8217;\u00fas i productes d&#8217;oxidaci\u00f3. Aquesta combinaci\u00f3 determina, en gran mesura, la reciclabilitat de l&#8217;oli industrial i condiciona quines operacions de regeneraci\u00f3 s\u00f3n viables i el nivell d&#8217;esfor\u00e7 tecnol\u00f2gic necessari.<\/p><p>En termes pr\u00e0ctics, els additius (imprescindibles perqu\u00e8 els olis lubricants funcionin en maquin\u00e0ria industrial i en motors de combusti\u00f3) es poden convertir en un fre quan el producte arriba al final de la seva vida \u00fatil. Per aix\u00f2, entendre&#8217;n la influ\u00e8ncia ajuda a millorar la <a href=\"https:\/\/www.sigaus.es\/\">gesti\u00f3<\/a> i a reduir l&#8217;impacte ambiental associat a una gesti\u00f3 inadequada.<\/p><p>\u00a0<\/p><h2 class=\"wp-block-heading\">Regeneraci\u00f3: la via priorit\u00e0ria i la necessitat dextracci\u00f3<\/h2><p>La <a href=\"https:\/\/cator-sa.com\/ca\/circularitat\/\">regeneraci\u00f3<\/a> es considera la gesti\u00f3 priorit\u00e0ria per a l&#8217;oli usat perqu\u00e8 permet produir noves <a href=\"https:\/\/cator-sa.com\/ca\/productes\/\">bases lubricants<\/a>.Tanmateix, perqu\u00e8 aquest proc\u00e9s tingui \u00e8xit hi ha una condici\u00f3 estricta: cal extreure els additius, productes d&#8217;oxidaci\u00f3 i altres contaminants presents a l&#8217;oli usat.<\/p><p>Aix\u00f2 significa que el proc\u00e9s de reciclatge no consisteix \u00fanicament a \u201cnetejar\u201d el residu, sin\u00f3 a separar de manera efica\u00e7 all\u00f2 que impedeix obtenir un oli base amb qualitat suficient per reintegrar-se en nous cicles. Quan els additius presents s\u00f3n excessivament complexos, la separaci\u00f3 es complica: augmenta l&#8217;esfor\u00e7 tecnol\u00f2gic per separar-los de la base oliosa i, aix\u00ed, l&#8217;exig\u00e8ncia del reciclatge de l&#8217;oli industrial.<\/p><p>\u00a0<\/p><h2 class=\"wp-block-heading\">Dificultats per additius complexos<\/h2><p>La manera com es gestiona el residu abans d&#8217;arribar a planta tamb\u00e9 influeix en el resultat. El motiu \u00e9s directe: en combinar olis amb diferents paquets d&#8217;additius en un mateix contenidor es poden produir:<\/p><p><strong>&#8211; Reaccions qu\u00edmiques<\/strong> entre components que no estaven dissenyats per conviure.<\/p><p><strong>&#8211; Emulsions<\/strong> o barreges dif\u00edcils de separar.<\/p><p>Quan apareixen emulsions o interaccions no desitjades, la separaci\u00f3 f\u00edsica i qu\u00edmica a la planta es torna m\u00e9s dif\u00edcil. Aix\u00f2 complica l&#8217;operaci\u00f3, redueix l&#8217;efici\u00e8ncia i pot fer que la destinaci\u00f3 m\u00e9s valuosa (la regeneraci\u00f3) deixi de ser viable. En conseq\u00fc\u00e8ncia, la <strong>correcta gesti\u00f3<\/strong> (des de l&#8217;emmagatzematge fins a la <strong>recollida selectiva<\/strong>) es converteix en una palanca cr\u00edtica per protegir la qualitat del residu i mantenir obertes les opcions de reciclatge.<\/p><p><img fetchpriority=\"high\" decoding=\"async\" class=\"alignnone wp-image-5857 size-full\" src=\"https:\/\/cator-sa.com\/wp-content\/uploads\/2026\/01\/dificultats-aditius-complexes.jpg\" alt=\"\" width=\"1800\" height=\"1200\" srcset=\"https:\/\/cator-sa.com\/wp-content\/uploads\/2026\/01\/dificultats-aditius-complexes.jpg 1800w, https:\/\/cator-sa.com\/wp-content\/uploads\/2026\/01\/dificultats-aditius-complexes-300x200.jpg 300w, https:\/\/cator-sa.com\/wp-content\/uploads\/2026\/01\/dificultats-aditius-complexes-1024x683.jpg 1024w, https:\/\/cator-sa.com\/wp-content\/uploads\/2026\/01\/dificultats-aditius-complexes-768x512.jpg 768w, https:\/\/cator-sa.com\/wp-content\/uploads\/2026\/01\/dificultats-aditius-complexes-1536x1024.jpg 1536w\" sizes=\"(max-width: 1800px) 100vw, 1800px\" \/><\/p><h2 class=\"wp-block-heading\">Pres\u00e8ncia de components perillosos<\/h2><p>Molts olis industrials tradicionals contenen additius amb subst\u00e0ncies altament contaminants i t\u00f2xiques. La seva pres\u00e8ncia converteix l&#8217;oli usat en un residu perill\u00f3s i obliga a fer an\u00e0lisis pr\u00e8vies per evitar incompatibilitats i danys ambientals durant la gesti\u00f3 final.<\/p><p>Entre els components que incrementen la perillositat i la complexitat del tractament, s&#8217;hi inclouen:<\/p><p>&#8211; Compostos de <strong>clor<\/strong>,\u00a0<strong>sofre<\/strong> i <strong>zinc<\/strong>.<\/p><p>&#8211; Metalls pesants com <strong>plom<\/strong> i <strong>cadmi.<\/strong><\/p><p><strong>&#8211; Compostos arom\u00e0tics.<\/strong><\/p><p>La conseq\u00fc\u00e8ncia \u00e9s doble: d&#8217;una banda s&#8217;eleva l&#8217;exig\u00e8ncia t\u00e8cnica del tractament (m\u00e9s controls i m\u00e9s etapes de separaci\u00f3); de l&#8217;altra, es refor\u00e7a la import\u00e0ncia de la prevenci\u00f3 en el disseny del producte, ja que com menys problem\u00e0tica sigui la formulaci\u00f3 a l&#8217;origen, m\u00e9s f\u00e0cil ser\u00e0 recuperar primeres mat\u00e8ries secund\u00e0ries amb seguretat.<\/p><p>\u00a0<\/p><p><img decoding=\"async\" class=\"alignnone wp-image-5946 size-full\" src=\"https:\/\/cator-sa.com\/wp-content\/uploads\/2026\/01\/additius-que-bloquejen-la-regeneracio-scaled-e1769426200869.jpg\" alt=\"\" width=\"2010\" height=\"1429\" srcset=\"https:\/\/cator-sa.com\/wp-content\/uploads\/2026\/01\/additius-que-bloquejen-la-regeneracio-scaled-e1769426200869.jpg 2010w, https:\/\/cator-sa.com\/wp-content\/uploads\/2026\/01\/additius-que-bloquejen-la-regeneracio-scaled-e1769426200869-300x213.jpg 300w, https:\/\/cator-sa.com\/wp-content\/uploads\/2026\/01\/additius-que-bloquejen-la-regeneracio-scaled-e1769426200869-1024x728.jpg 1024w, https:\/\/cator-sa.com\/wp-content\/uploads\/2026\/01\/additius-que-bloquejen-la-regeneracio-scaled-e1769426200869-768x546.jpg 768w, https:\/\/cator-sa.com\/wp-content\/uploads\/2026\/01\/additius-que-bloquejen-la-regeneracio-scaled-e1769426200869-1536x1092.jpg 1536w\" sizes=\"(max-width: 2010px) 100vw, 2010px\" \/><\/p><p>\u00a0<\/p><h2 class=\"wp-block-heading\">Innovaci\u00f3 i ecodisseny per millorar la reciclabilitat<\/h2><p>Per millorar la circularitat de l&#8217;oli, les empreses fabricants estan obligades a actuar des de la fase de disseny del lubricant (prevenci\u00f3). L&#8217;objectiu \u00e9s que quan l&#8217;oli es converteixi en residu sigui m\u00e9s apte per al tractament i la recuperaci\u00f3.<\/p><p>Les estrat\u00e8gies destacades s\u00f3n:<\/p><p>&#8211; <strong>Eliminaci\u00f3 de components perillosos<\/strong>: es comercialitzen noves formulacions que eliminen gen\u00e8ricament el clor, el f\u00f2sfor i el sofre per facilitar la gesti\u00f3 final del residu.<\/p><p>&#8211; <strong>Olis de nova formulaci\u00f3:<\/strong> el desenvolupament de productes amb additius menys agressius permet que el residu resultant sigui m\u00e9s apte per ser preparat per reutilitzar-lo.<\/p><p>&#8211; <strong>\u00das de bases regenerades:<\/strong> incorporar bases que ja han passat per processos de reciclatge a la formulaci\u00f3 de nous olis ajuda a reduir la c\u00e0rrega de recursos naturals i optimitza el cicle de vida del producte.<\/p><p>Aquest enfocament connecta rendiment i fi de vida: els additius continuen sent fonamentals per a la funci\u00f3 del lubricant, per\u00f2 el seu disseny qu\u00edmic tendeix a simplificar-se ia reduir-ne la perillositat perqu\u00e8 el residu es reintegri efectivament a l&#8217;economia circular.<\/p><p>\u00a0<\/p><p>La influ\u00e8ncia dels additius en la reciclabilitat de l&#8217;oli industrial usat \u00e9s determinant: poden facilitar-ne la recuperaci\u00f3 quan s\u00f3n compatibles amb els processos de separaci\u00f3, o impedir-la quan s\u00f3n massa complexos, t\u00f2xics o es combinen de manera inadequada.<\/p>\t\t\t\t\t\t\t\t<\/div>\n\t\t\t\t<\/div>\n\t\t\t\t\t<\/div>\n\t\t\t\t<\/div>\n\t\t\t\t<\/div>\n\t\t","protected":false},"excerpt":{"rendered":"<p>La composici\u00f3 qu\u00edmica de l&#8217;oli industrial usat, especialment el paquet d&#8217;additius, en pot facilitar o dificultar el tractament. Comprendre aquest efecte \u00e9s clau per recuperar primeres mat\u00e8ries secund\u00e0ries i avan\u00e7ar cap a l&#8217;economia circular. L&#8217;oli industrial usat no \u00e9s nom\u00e9s una base oliosa degradada: \u00e9s una barreja complexa on conviuen additius funcionals, contaminants arrossegats per [&hellip;]<\/p>\n","protected":false},"author":3,"featured_media":5854,"comment_status":"open","ping_status":"open","sticky":false,"template":"","format":"standard","meta":{"content-type":"","footnotes":""},"categories":[28],"tags":[],"class_list":["post-5852","post","type-post","status-publish","format-standard","has-post-thumbnail","hentry","category-mediambiental"],"yoast_head":"<!-- This site is optimized with the Yoast SEO plugin v24.4 - https:\/\/yoast.com\/wordpress\/plugins\/seo\/ -->\n<title>Reciclabilitat de l&#039;oli industrial usat: el paper dels additius - Cator<\/title>\n<meta name=\"description\" content=\"Descobreix com els additius condicionen la reciclabilitat de l&#039;oli industrial usat: barreges problem\u00e0tiques, perillositat i ecodisseny.\" \/>\n<meta name=\"robots\" content=\"index, follow, max-snippet:-1, max-image-preview:large, max-video-preview:-1\" \/>\n<link rel=\"canonical\" href=\"https:\/\/cator-sa.com\/ca\/reciclabilitat-de-loli-industrial-usat-el-paper-dels-additius\/\" \/>\n<meta property=\"og:locale\" content=\"ca_ES\" \/>\n<meta property=\"og:type\" content=\"article\" \/>\n<meta property=\"og:title\" content=\"Reciclabilitat de l&#039;oli industrial usat: el paper dels additius - Cator\" \/>\n<meta property=\"og:description\" content=\"Descobreix com els additius condicionen la reciclabilitat de l&#039;oli industrial usat: barreges problem\u00e0tiques, perillositat i ecodisseny.\" \/>\n<meta property=\"og:url\" content=\"https:\/\/cator-sa.com\/ca\/reciclabilitat-de-loli-industrial-usat-el-paper-dels-additius\/\" \/>\n<meta property=\"og:site_name\" content=\"Cator\" \/>\n<meta property=\"article:published_time\" content=\"2026-01-26T08:48:32+00:00\" \/>\n<meta property=\"article:modified_time\" content=\"2026-01-26T11:17:10+00:00\" \/>\n<meta property=\"og:image\" content=\"https:\/\/cator-sa.com\/wp-content\/uploads\/2026\/01\/reciclabilitat-oli-industrial.jpg\" \/>\n\t<meta property=\"og:image:width\" content=\"1800\" \/>\n\t<meta property=\"og:image:height\" content=\"1200\" \/>\n\t<meta property=\"og:image:type\" content=\"image\/jpeg\" \/>\n<meta name=\"author\" content=\"Carla\" \/>\n<meta name=\"twitter:card\" content=\"summary_large_image\" \/>\n<meta name=\"twitter:label1\" content=\"Escrit per\" \/>\n\t<meta name=\"twitter:data1\" content=\"Carla\" \/>\n\t<meta name=\"twitter:label2\" content=\"Temps estimat de lectura\" \/>\n\t<meta name=\"twitter:data2\" content=\"5 minuts\" \/>\n<script type=\"application\/ld+json\" class=\"yoast-schema-graph\">{\"@context\":\"https:\/\/schema.org\",\"@graph\":[{\"@type\":\"Article\",\"@id\":\"https:\/\/cator-sa.com\/ca\/reciclabilitat-de-loli-industrial-usat-el-paper-dels-additius\/#article\",\"isPartOf\":{\"@id\":\"https:\/\/cator-sa.com\/ca\/reciclabilitat-de-loli-industrial-usat-el-paper-dels-additius\/\"},\"author\":{\"name\":\"Carla\",\"@id\":\"https:\/\/cator-sa.com\/ca\/#\/schema\/person\/6efb0a44f6a12b5f008830163d681065\"},\"headline\":\"Reciclabilitat de l&#8217;oli industrial usat: el paper dels additius\",\"datePublished\":\"2026-01-26T08:48:32+00:00\",\"dateModified\":\"2026-01-26T11:17:10+00:00\",\"mainEntityOfPage\":{\"@id\":\"https:\/\/cator-sa.com\/ca\/reciclabilitat-de-loli-industrial-usat-el-paper-dels-additius\/\"},\"wordCount\":822,\"commentCount\":0,\"publisher\":{\"@id\":\"https:\/\/cator-sa.com\/ca\/#organization\"},\"image\":{\"@id\":\"https:\/\/cator-sa.com\/ca\/reciclabilitat-de-loli-industrial-usat-el-paper-dels-additius\/#primaryimage\"},\"thumbnailUrl\":\"https:\/\/cator-sa.com\/wp-content\/uploads\/2026\/01\/reciclabilitat-oli-industrial.jpg\",\"articleSection\":[\"Mediambiental\"],\"inLanguage\":\"ca\",\"potentialAction\":[{\"@type\":\"CommentAction\",\"name\":\"Comment\",\"target\":[\"https:\/\/cator-sa.com\/ca\/reciclabilitat-de-loli-industrial-usat-el-paper-dels-additius\/#respond\"]}]},{\"@type\":\"WebPage\",\"@id\":\"https:\/\/cator-sa.com\/ca\/reciclabilitat-de-loli-industrial-usat-el-paper-dels-additius\/\",\"url\":\"https:\/\/cator-sa.com\/ca\/reciclabilitat-de-loli-industrial-usat-el-paper-dels-additius\/\",\"name\":\"Reciclabilitat de l'oli industrial usat: el paper dels additius - Cator\",\"isPartOf\":{\"@id\":\"https:\/\/cator-sa.com\/ca\/#website\"},\"primaryImageOfPage\":{\"@id\":\"https:\/\/cator-sa.com\/ca\/reciclabilitat-de-loli-industrial-usat-el-paper-dels-additius\/#primaryimage\"},\"image\":{\"@id\":\"https:\/\/cator-sa.com\/ca\/reciclabilitat-de-loli-industrial-usat-el-paper-dels-additius\/#primaryimage\"},\"thumbnailUrl\":\"https:\/\/cator-sa.com\/wp-content\/uploads\/2026\/01\/reciclabilitat-oli-industrial.jpg\",\"datePublished\":\"2026-01-26T08:48:32+00:00\",\"dateModified\":\"2026-01-26T11:17:10+00:00\",\"description\":\"Descobreix com els additius condicionen la reciclabilitat de l'oli industrial usat: barreges problem\u00e0tiques, perillositat i ecodisseny.\",\"breadcrumb\":{\"@id\":\"https:\/\/cator-sa.com\/ca\/reciclabilitat-de-loli-industrial-usat-el-paper-dels-additius\/#breadcrumb\"},\"inLanguage\":\"ca\",\"potentialAction\":[{\"@type\":\"ReadAction\",\"target\":[\"https:\/\/cator-sa.com\/ca\/reciclabilitat-de-loli-industrial-usat-el-paper-dels-additius\/\"]}]},{\"@type\":\"ImageObject\",\"inLanguage\":\"ca\",\"@id\":\"https:\/\/cator-sa.com\/ca\/reciclabilitat-de-loli-industrial-usat-el-paper-dels-additius\/#primaryimage\",\"url\":\"https:\/\/cator-sa.com\/wp-content\/uploads\/2026\/01\/reciclabilitat-oli-industrial.jpg\",\"contentUrl\":\"https:\/\/cator-sa.com\/wp-content\/uploads\/2026\/01\/reciclabilitat-oli-industrial.jpg\",\"width\":1800,\"height\":1200},{\"@type\":\"BreadcrumbList\",\"@id\":\"https:\/\/cator-sa.com\/ca\/reciclabilitat-de-loli-industrial-usat-el-paper-dels-additius\/#breadcrumb\",\"itemListElement\":[{\"@type\":\"ListItem\",\"position\":1,\"name\":\"Portada\",\"item\":\"https:\/\/cator-sa.com\/ca\/home\/\"},{\"@type\":\"ListItem\",\"position\":2,\"name\":\"Reciclabilitat de l&#8217;oli industrial usat: el paper dels additius\"}]},{\"@type\":\"WebSite\",\"@id\":\"https:\/\/cator-sa.com\/ca\/#website\",\"url\":\"https:\/\/cator-sa.com\/ca\/\",\"name\":\"Cator\",\"description\":\"Cator\",\"publisher\":{\"@id\":\"https:\/\/cator-sa.com\/ca\/#organization\"},\"potentialAction\":[{\"@type\":\"SearchAction\",\"target\":{\"@type\":\"EntryPoint\",\"urlTemplate\":\"https:\/\/cator-sa.com\/ca\/?s={search_term_string}\"},\"query-input\":{\"@type\":\"PropertyValueSpecification\",\"valueRequired\":true,\"valueName\":\"search_term_string\"}}],\"inLanguage\":\"ca\"},{\"@type\":\"Organization\",\"@id\":\"https:\/\/cator-sa.com\/ca\/#organization\",\"name\":\"Cator\",\"url\":\"https:\/\/cator-sa.com\/ca\/\",\"logo\":{\"@type\":\"ImageObject\",\"inLanguage\":\"ca\",\"@id\":\"https:\/\/cator-sa.com\/ca\/#\/schema\/logo\/image\/\",\"url\":\"https:\/\/cator-sa.com\/wp-content\/uploads\/2024\/06\/logo-cator.png\",\"contentUrl\":\"https:\/\/cator-sa.com\/wp-content\/uploads\/2024\/06\/logo-cator.png\",\"width\":1477,\"height\":434,\"caption\":\"Cator\"},\"image\":{\"@id\":\"https:\/\/cator-sa.com\/ca\/#\/schema\/logo\/image\/\"}},{\"@type\":\"Person\",\"@id\":\"https:\/\/cator-sa.com\/ca\/#\/schema\/person\/6efb0a44f6a12b5f008830163d681065\",\"name\":\"Carla\",\"image\":{\"@type\":\"ImageObject\",\"inLanguage\":\"ca\",\"@id\":\"https:\/\/cator-sa.com\/ca\/#\/schema\/person\/image\/\",\"url\":\"https:\/\/secure.gravatar.com\/avatar\/d018424c1187cfed9c7d43c739203835?s=96&d=mm&r=g\",\"contentUrl\":\"https:\/\/secure.gravatar.com\/avatar\/d018424c1187cfed9c7d43c739203835?s=96&d=mm&r=g\",\"caption\":\"Carla\"},\"url\":\"https:\/\/cator-sa.com\/ca\/author\/carla\/\"}]}<\/script>\n<!-- \/ Yoast SEO plugin. -->","yoast_head_json":{"title":"Reciclabilitat de l'oli industrial usat: el paper dels additius - Cator","description":"Descobreix com els additius condicionen la reciclabilitat de l'oli industrial usat: barreges problem\u00e0tiques, perillositat i ecodisseny.","robots":{"index":"index","follow":"follow","max-snippet":"max-snippet:-1","max-image-preview":"max-image-preview:large","max-video-preview":"max-video-preview:-1"},"canonical":"https:\/\/cator-sa.com\/ca\/reciclabilitat-de-loli-industrial-usat-el-paper-dels-additius\/","og_locale":"ca_ES","og_type":"article","og_title":"Reciclabilitat de l'oli industrial usat: el paper dels additius - Cator","og_description":"Descobreix com els additius condicionen la reciclabilitat de l'oli industrial usat: barreges problem\u00e0tiques, perillositat i ecodisseny.","og_url":"https:\/\/cator-sa.com\/ca\/reciclabilitat-de-loli-industrial-usat-el-paper-dels-additius\/","og_site_name":"Cator","article_published_time":"2026-01-26T08:48:32+00:00","article_modified_time":"2026-01-26T11:17:10+00:00","og_image":[{"width":1800,"height":1200,"url":"https:\/\/cator-sa.com\/wp-content\/uploads\/2026\/01\/reciclabilitat-oli-industrial.jpg","type":"image\/jpeg"}],"author":"Carla","twitter_card":"summary_large_image","twitter_misc":{"Escrit per":"Carla","Temps estimat de lectura":"5 minuts"},"schema":{"@context":"https:\/\/schema.org","@graph":[{"@type":"Article","@id":"https:\/\/cator-sa.com\/ca\/reciclabilitat-de-loli-industrial-usat-el-paper-dels-additius\/#article","isPartOf":{"@id":"https:\/\/cator-sa.com\/ca\/reciclabilitat-de-loli-industrial-usat-el-paper-dels-additius\/"},"author":{"name":"Carla","@id":"https:\/\/cator-sa.com\/ca\/#\/schema\/person\/6efb0a44f6a12b5f008830163d681065"},"headline":"Reciclabilitat de l&#8217;oli industrial usat: el paper dels additius","datePublished":"2026-01-26T08:48:32+00:00","dateModified":"2026-01-26T11:17:10+00:00","mainEntityOfPage":{"@id":"https:\/\/cator-sa.com\/ca\/reciclabilitat-de-loli-industrial-usat-el-paper-dels-additius\/"},"wordCount":822,"commentCount":0,"publisher":{"@id":"https:\/\/cator-sa.com\/ca\/#organization"},"image":{"@id":"https:\/\/cator-sa.com\/ca\/reciclabilitat-de-loli-industrial-usat-el-paper-dels-additius\/#primaryimage"},"thumbnailUrl":"https:\/\/cator-sa.com\/wp-content\/uploads\/2026\/01\/reciclabilitat-oli-industrial.jpg","articleSection":["Mediambiental"],"inLanguage":"ca","potentialAction":[{"@type":"CommentAction","name":"Comment","target":["https:\/\/cator-sa.com\/ca\/reciclabilitat-de-loli-industrial-usat-el-paper-dels-additius\/#respond"]}]},{"@type":"WebPage","@id":"https:\/\/cator-sa.com\/ca\/reciclabilitat-de-loli-industrial-usat-el-paper-dels-additius\/","url":"https:\/\/cator-sa.com\/ca\/reciclabilitat-de-loli-industrial-usat-el-paper-dels-additius\/","name":"Reciclabilitat de l'oli industrial usat: el paper dels additius - Cator","isPartOf":{"@id":"https:\/\/cator-sa.com\/ca\/#website"},"primaryImageOfPage":{"@id":"https:\/\/cator-sa.com\/ca\/reciclabilitat-de-loli-industrial-usat-el-paper-dels-additius\/#primaryimage"},"image":{"@id":"https:\/\/cator-sa.com\/ca\/reciclabilitat-de-loli-industrial-usat-el-paper-dels-additius\/#primaryimage"},"thumbnailUrl":"https:\/\/cator-sa.com\/wp-content\/uploads\/2026\/01\/reciclabilitat-oli-industrial.jpg","datePublished":"2026-01-26T08:48:32+00:00","dateModified":"2026-01-26T11:17:10+00:00","description":"Descobreix com els additius condicionen la reciclabilitat de l'oli industrial usat: barreges problem\u00e0tiques, perillositat i ecodisseny.","breadcrumb":{"@id":"https:\/\/cator-sa.com\/ca\/reciclabilitat-de-loli-industrial-usat-el-paper-dels-additius\/#breadcrumb"},"inLanguage":"ca","potentialAction":[{"@type":"ReadAction","target":["https:\/\/cator-sa.com\/ca\/reciclabilitat-de-loli-industrial-usat-el-paper-dels-additius\/"]}]},{"@type":"ImageObject","inLanguage":"ca","@id":"https:\/\/cator-sa.com\/ca\/reciclabilitat-de-loli-industrial-usat-el-paper-dels-additius\/#primaryimage","url":"https:\/\/cator-sa.com\/wp-content\/uploads\/2026\/01\/reciclabilitat-oli-industrial.jpg","contentUrl":"https:\/\/cator-sa.com\/wp-content\/uploads\/2026\/01\/reciclabilitat-oli-industrial.jpg","width":1800,"height":1200},{"@type":"BreadcrumbList","@id":"https:\/\/cator-sa.com\/ca\/reciclabilitat-de-loli-industrial-usat-el-paper-dels-additius\/#breadcrumb","itemListElement":[{"@type":"ListItem","position":1,"name":"Portada","item":"https:\/\/cator-sa.com\/ca\/home\/"},{"@type":"ListItem","position":2,"name":"Reciclabilitat de l&#8217;oli industrial usat: el paper dels additius"}]},{"@type":"WebSite","@id":"https:\/\/cator-sa.com\/ca\/#website","url":"https:\/\/cator-sa.com\/ca\/","name":"Cator","description":"Cator","publisher":{"@id":"https:\/\/cator-sa.com\/ca\/#organization"},"potentialAction":[{"@type":"SearchAction","target":{"@type":"EntryPoint","urlTemplate":"https:\/\/cator-sa.com\/ca\/?s={search_term_string}"},"query-input":{"@type":"PropertyValueSpecification","valueRequired":true,"valueName":"search_term_string"}}],"inLanguage":"ca"},{"@type":"Organization","@id":"https:\/\/cator-sa.com\/ca\/#organization","name":"Cator","url":"https:\/\/cator-sa.com\/ca\/","logo":{"@type":"ImageObject","inLanguage":"ca","@id":"https:\/\/cator-sa.com\/ca\/#\/schema\/logo\/image\/","url":"https:\/\/cator-sa.com\/wp-content\/uploads\/2024\/06\/logo-cator.png","contentUrl":"https:\/\/cator-sa.com\/wp-content\/uploads\/2024\/06\/logo-cator.png","width":1477,"height":434,"caption":"Cator"},"image":{"@id":"https:\/\/cator-sa.com\/ca\/#\/schema\/logo\/image\/"}},{"@type":"Person","@id":"https:\/\/cator-sa.com\/ca\/#\/schema\/person\/6efb0a44f6a12b5f008830163d681065","name":"Carla","image":{"@type":"ImageObject","inLanguage":"ca","@id":"https:\/\/cator-sa.com\/ca\/#\/schema\/person\/image\/","url":"https:\/\/secure.gravatar.com\/avatar\/d018424c1187cfed9c7d43c739203835?s=96&d=mm&r=g","contentUrl":"https:\/\/secure.gravatar.com\/avatar\/d018424c1187cfed9c7d43c739203835?s=96&d=mm&r=g","caption":"Carla"},"url":"https:\/\/cator-sa.com\/ca\/author\/carla\/"}]}},"_links":{"self":[{"href":"https:\/\/cator-sa.com\/ca\/wp-json\/wp\/v2\/posts\/5852","targetHints":{"allow":["GET"]}}],"collection":[{"href":"https:\/\/cator-sa.com\/ca\/wp-json\/wp\/v2\/posts"}],"about":[{"href":"https:\/\/cator-sa.com\/ca\/wp-json\/wp\/v2\/types\/post"}],"author":[{"embeddable":true,"href":"https:\/\/cator-sa.com\/ca\/wp-json\/wp\/v2\/users\/3"}],"replies":[{"embeddable":true,"href":"https:\/\/cator-sa.com\/ca\/wp-json\/wp\/v2\/comments?post=5852"}],"version-history":[{"count":20,"href":"https:\/\/cator-sa.com\/ca\/wp-json\/wp\/v2\/posts\/5852\/revisions"}],"predecessor-version":[{"id":5951,"href":"https:\/\/cator-sa.com\/ca\/wp-json\/wp\/v2\/posts\/5852\/revisions\/5951"}],"wp:featuredmedia":[{"embeddable":true,"href":"https:\/\/cator-sa.com\/ca\/wp-json\/wp\/v2\/media\/5854"}],"wp:attachment":[{"href":"https:\/\/cator-sa.com\/ca\/wp-json\/wp\/v2\/media?parent=5852"}],"wp:term":[{"taxonomy":"category","embeddable":true,"href":"https:\/\/cator-sa.com\/ca\/wp-json\/wp\/v2\/categories?post=5852"},{"taxonomy":"post_tag","embeddable":true,"href":"https:\/\/cator-sa.com\/ca\/wp-json\/wp\/v2\/tags?post=5852"}],"curies":[{"name":"wp","href":"https:\/\/api.w.org\/{rel}","templated":true}]}}